{"id":4023,"date":"2025-06-16T17:07:08","date_gmt":"2025-06-16T15:07:08","guid":{"rendered":"https:\/\/cslimoges.fr\/site\/?p=4023"},"modified":"2025-06-27T16:57:11","modified_gmt":"2025-06-27T14:57:11","slug":"4023-2","status":"publish","type":"post","link":"https:\/\/cslimoges.fr\/site\/4023-2\/","title":{"rendered":"Les pr\u00e9paratif de la Saint Jean"},"content":{"rendered":"\n<p class=\"has-text-align-center\">Les pr\u00e9paratifs de la F\u00eate de la Saint Jean ont bien avanc\u00e9 gr\u00e2ce \u00e0 l&rsquo;\u00e9quipe de b\u00e9n\u00e9voles mobilis\u00e9e depuis plusieurs jours.<\/p>\n\n\n\n<figure class=\"wp-block-image size-large\"><img loading=\"lazy\" decoding=\"async\" width=\"1024\" height=\"461\" src=\"https:\/\/cslimoges.fr\/site\/wp-content\/uploads\/2025\/06\/WhatsApp-Image-2025-06-16-at-15.32.17-1024x461.jpeg\" alt=\"\" class=\"wp-image-4026\" srcset=\"https:\/\/cslimoges.fr\/site\/wp-content\/uploads\/2025\/06\/WhatsApp-Image-2025-06-16-at-15.32.17-1024x461.jpeg 1024w, https:\/\/cslimoges.fr\/site\/wp-content\/uploads\/2025\/06\/WhatsApp-Image-2025-06-16-at-15.32.17-300x135.jpeg 300w, https:\/\/cslimoges.fr\/site\/wp-content\/uploads\/2025\/06\/WhatsApp-Image-2025-06-16-at-15.32.17-768x346.jpeg 768w, https:\/\/cslimoges.fr\/site\/wp-content\/uploads\/2025\/06\/WhatsApp-Image-2025-06-16-at-15.32.17-1536x691.jpeg 1536w, https:\/\/cslimoges.fr\/site\/wp-content\/uploads\/2025\/06\/WhatsApp-Image-2025-06-16-at-15.32.17-1140x513.jpeg 1140w, https:\/\/cslimoges.fr\/site\/wp-content\/uploads\/2025\/06\/WhatsApp-Image-2025-06-16-at-15.32.17.jpeg 2040w\" sizes=\"auto, (max-width: 1024px) 100vw, 1024px\" \/><\/figure>\n\n\n\n<p class=\"has-text-align-center\"><strong>Dans l&rsquo;esprit de convivialit\u00e9 et de partage du Club, vous \u00eates invit\u00e9s \u00e0&nbsp; faire gouter une de vos sp\u00e9cialit\u00e9s sucr\u00e9es. <\/strong><\/p>\n\n\n\n<p class=\"has-text-align-center\"><strong>A Samedi<\/strong> <strong>!<\/strong> \ud83d\ude09<\/p>\n\n\n\n<p>&nbsp;<\/p>\n\n\n<div class=\"wp-block-image\">\n<figure class=\"aligncenter\"><img loading=\"lazy\" decoding=\"async\" width=\"1024\" height=\"461\" src=\"https:\/\/cslimoges.fr\/site\/wp-content\/uploads\/2025\/06\/WhatsApp-Image-2025-06-16-at-13.21.57-2-1024x461.jpeg\" alt=\"\" class=\"wp-image-4024\" srcset=\"https:\/\/cslimoges.fr\/site\/wp-content\/uploads\/2025\/06\/WhatsApp-Image-2025-06-16-at-13.21.57-2-1024x461.jpeg 1024w, https:\/\/cslimoges.fr\/site\/wp-content\/uploads\/2025\/06\/WhatsApp-Image-2025-06-16-at-13.21.57-2-300x135.jpeg 300w, https:\/\/cslimoges.fr\/site\/wp-content\/uploads\/2025\/06\/WhatsApp-Image-2025-06-16-at-13.21.57-2-768x346.jpeg 768w, https:\/\/cslimoges.fr\/site\/wp-content\/uploads\/2025\/06\/WhatsApp-Image-2025-06-16-at-13.21.57-2-1536x691.jpeg 1536w, https:\/\/cslimoges.fr\/site\/wp-content\/uploads\/2025\/06\/WhatsApp-Image-2025-06-16-at-13.21.57-2-1140x513.jpeg 1140w, https:\/\/cslimoges.fr\/site\/wp-content\/uploads\/2025\/06\/WhatsApp-Image-2025-06-16-at-13.21.57-2.jpeg 2040w\" sizes=\"auto, (max-width: 1024px) 100vw, 1024px\" \/><\/figure>\n<\/div>\n\n<div class=\"wp-block-image\">\n<figure class=\"aligncenter size-large\"><img loading=\"lazy\" decoding=\"async\" width=\"461\" height=\"1024\" src=\"https:\/\/cslimoges.fr\/site\/wp-content\/uploads\/2025\/06\/WhatsApp-Image-2025-06-16-at-13.21.57-461x1024.jpeg\" alt=\"\" class=\"wp-image-4025\" srcset=\"https:\/\/cslimoges.fr\/site\/wp-content\/uploads\/2025\/06\/WhatsApp-Image-2025-06-16-at-13.21.57-461x1024.jpeg 461w, https:\/\/cslimoges.fr\/site\/wp-content\/uploads\/2025\/06\/WhatsApp-Image-2025-06-16-at-13.21.57-135x300.jpeg 135w, https:\/\/cslimoges.fr\/site\/wp-content\/uploads\/2025\/06\/WhatsApp-Image-2025-06-16-at-13.21.57-768x1707.jpeg 768w, https:\/\/cslimoges.fr\/site\/wp-content\/uploads\/2025\/06\/WhatsApp-Image-2025-06-16-at-13.21.57-691x1536.jpeg 691w, https:\/\/cslimoges.fr\/site\/wp-content\/uploads\/2025\/06\/WhatsApp-Image-2025-06-16-at-13.21.57.jpeg 918w\" sizes=\"auto, (max-width: 461px) 100vw, 461px\" \/><\/figure>\n<\/div>\n\n\n<p>&nbsp;<\/p>\n","protected":false},"excerpt":{"rendered":"<p>Les pr\u00e9paratifs de la F\u00eate de la Saint Jean ont bien avanc\u00e9 gr\u00e2ce \u00e0 l&rsquo;\u00e9quipe de b\u00e9n\u00e9voles mobilis\u00e9e depuis plusieurs jours. Dans l&rsquo;esprit de convivialit\u00e9 et de partage du Club, vous \u00eates invit\u00e9s \u00e0&nbsp; faire gouter une de vos sp\u00e9cialit\u00e9s sucr\u00e9es. A Samedi ! \ud83d\ude09 &nbsp; &nbsp;<\/p>\n","protected":false},"author":98,"featured_media":4026,"comment_status":"closed","ping_status":"closed","sticky":false,"template":"","format":"standard","meta":{"footnotes":""},"categories":[60],"tags":[],"class_list":["post-4023","post","type-post","status-publish","format-standard","has-post-thumbnail","hentry","category-bos-redon"],"acf":[],"_links":{"self":[{"href":"https:\/\/cslimoges.fr\/site\/wp-json\/wp\/v2\/posts\/4023","targetHints":{"allow":["GET"]}}],"collection":[{"href":"https:\/\/cslimoges.fr\/site\/wp-json\/wp\/v2\/posts"}],"about":[{"href":"https:\/\/cslimoges.fr\/site\/wp-json\/wp\/v2\/types\/post"}],"author":[{"embeddable":true,"href":"https:\/\/cslimoges.fr\/site\/wp-json\/wp\/v2\/users\/98"}],"replies":[{"embeddable":true,"href":"https:\/\/cslimoges.fr\/site\/wp-json\/wp\/v2\/comments?post=4023"}],"version-history":[{"count":11,"href":"https:\/\/cslimoges.fr\/site\/wp-json\/wp\/v2\/posts\/4023\/revisions"}],"predecessor-version":[{"id":4122,"href":"https:\/\/cslimoges.fr\/site\/wp-json\/wp\/v2\/posts\/4023\/revisions\/4122"}],"wp:featuredmedia":[{"embeddable":true,"href":"https:\/\/cslimoges.fr\/site\/wp-json\/wp\/v2\/media\/4026"}],"wp:attachment":[{"href":"https:\/\/cslimoges.fr\/site\/wp-json\/wp\/v2\/media?parent=4023"}],"wp:term":[{"taxonomy":"category","embeddable":true,"href":"https:\/\/cslimoges.fr\/site\/wp-json\/wp\/v2\/categories?post=4023"},{"taxonomy":"post_tag","embeddable":true,"href":"https:\/\/cslimoges.fr\/site\/wp-json\/wp\/v2\/tags?post=4023"}],"curies":[{"name":"wp","href":"https:\/\/api.w.org\/{rel}","templated":true}]}}