{"id":4071,"date":"2025-06-24T09:36:58","date_gmt":"2025-06-24T07:36:58","guid":{"rendered":"https:\/\/cslimoges.fr\/site\/?p=4071"},"modified":"2025-06-27T16:56:49","modified_gmt":"2025-06-27T14:56:49","slug":"fete-de-la-saint-jean","status":"publish","type":"post","link":"https:\/\/cslimoges.fr\/site\/fete-de-la-saint-jean\/","title":{"rendered":"F\u00eate de la Saint Jean"},"content":{"rendered":"\n<figure class=\"wp-block-image size-large\"><img loading=\"lazy\" decoding=\"async\" width=\"1024\" height=\"461\" src=\"https:\/\/cslimoges.fr\/site\/wp-content\/uploads\/2025\/06\/IMG-20250621-WA0001-1024x461.jpg\" alt=\"\" class=\"wp-image-4077\" srcset=\"https:\/\/cslimoges.fr\/site\/wp-content\/uploads\/2025\/06\/IMG-20250621-WA0001-1024x461.jpg 1024w, https:\/\/cslimoges.fr\/site\/wp-content\/uploads\/2025\/06\/IMG-20250621-WA0001-300x135.jpg 300w, https:\/\/cslimoges.fr\/site\/wp-content\/uploads\/2025\/06\/IMG-20250621-WA0001-768x346.jpg 768w, https:\/\/cslimoges.fr\/site\/wp-content\/uploads\/2025\/06\/IMG-20250621-WA0001-1536x691.jpg 1536w, https:\/\/cslimoges.fr\/site\/wp-content\/uploads\/2025\/06\/IMG-20250621-WA0001-1140x513.jpg 1140w, https:\/\/cslimoges.fr\/site\/wp-content\/uploads\/2025\/06\/IMG-20250621-WA0001.jpg 2040w\" sizes=\"auto, (max-width: 1024px) 100vw, 1024px\" \/><\/figure>\n\n\n\n<p class=\"has-medium-font-size\">Le 21 juin dernier, le Club a c\u00e9l\u00e9br\u00e9 l\u2019arriv\u00e9e de l\u2019\u00e9t\u00e9 avec une soir\u00e9e autour du feu de la Saint-Jean, un moment de convivialit\u00e9&nbsp; que tous les membres du club attendent avec impatience !<\/p>\n\n\n\n<div class=\"wp-block-columns is-layout-flex wp-container-core-columns-is-layout-9d6595d7 wp-block-columns-is-layout-flex\">\n<div class=\"wp-block-column is-layout-flow wp-block-column-is-layout-flow\" style=\"flex-basis:100%\"><div class=\"wp-block-image\">\n<figure class=\"aligncenter size-large is-resized\"><img loading=\"lazy\" decoding=\"async\" width=\"771\" height=\"1024\" src=\"https:\/\/cslimoges.fr\/site\/wp-content\/uploads\/2025\/06\/IMG_20250621_125024-2-771x1024.jpg\" alt=\"\" class=\"wp-image-4072\" style=\"width:331px;height:auto\" srcset=\"https:\/\/cslimoges.fr\/site\/wp-content\/uploads\/2025\/06\/IMG_20250621_125024-2-771x1024.jpg 771w, https:\/\/cslimoges.fr\/site\/wp-content\/uploads\/2025\/06\/IMG_20250621_125024-2-226x300.jpg 226w, https:\/\/cslimoges.fr\/site\/wp-content\/uploads\/2025\/06\/IMG_20250621_125024-2-768x1020.jpg 768w, https:\/\/cslimoges.fr\/site\/wp-content\/uploads\/2025\/06\/IMG_20250621_125024-2-1157x1536.jpg 1157w, https:\/\/cslimoges.fr\/site\/wp-content\/uploads\/2025\/06\/IMG_20250621_125024-2-1542x2048.jpg 1542w, https:\/\/cslimoges.fr\/site\/wp-content\/uploads\/2025\/06\/IMG_20250621_125024-2-1140x1514.jpg 1140w, https:\/\/cslimoges.fr\/site\/wp-content\/uploads\/2025\/06\/IMG_20250621_125024-2-scaled.jpg 1928w\" sizes=\"auto, (max-width: 771px) 100vw, 771px\" \/><\/figure>\n<\/div><\/div>\n<\/div>\n\n\n\n<p class=\"has-medium-font-size\">D\u00e8s le matin, les membres et b\u00e9n\u00e9voles se sont rassembl\u00e9s dans une ambiance d\u00e9tendue et bienveillante, fid\u00e8les aux valeurs de respect et de libert\u00e9 qui caract\u00e9risent le naturisme. Les pr\u00e9paratifs se sont prolong\u00e9s toute la journ\u00e9e avec une pause d\u00e9jeuner partag\u00e9e.<\/p>\n\n\n\n<p class=\"has-medium-font-size\">La soir\u00e9e a d\u00e9but\u00e9 avec plus de&nbsp;25 convives&nbsp;o\u00f9 chacun a pu d\u00e9couvrir des sp\u00e9cialit\u00e9s maison et \u00e9changer en toute simplicit\u00e9. La m\u00e9t\u00e9o id\u00e9ale a permis de passer une bonne soir\u00e9e.<\/p>\n\n\n\n<p class=\"has-medium-font-size\">Le club a re\u00e7u la visite des repr\u00e9sentants de la commune de Bussi\u00e8re-Galant pour partager un verre.<\/p>\n\n\n<div class=\"wp-block-image\">\n<figure class=\"aligncenter size-large is-resized\"><img loading=\"lazy\" decoding=\"async\" width=\"1024\" height=\"461\" src=\"https:\/\/cslimoges.fr\/site\/wp-content\/uploads\/2025\/06\/IMG-20250621-WA0034-1024x461.jpg\" alt=\"\" class=\"wp-image-4075\" style=\"aspect-ratio:1.5;object-fit:cover;width:473px;height:auto\" srcset=\"https:\/\/cslimoges.fr\/site\/wp-content\/uploads\/2025\/06\/IMG-20250621-WA0034-1024x461.jpg 1024w, https:\/\/cslimoges.fr\/site\/wp-content\/uploads\/2025\/06\/IMG-20250621-WA0034-300x135.jpg 300w, https:\/\/cslimoges.fr\/site\/wp-content\/uploads\/2025\/06\/IMG-20250621-WA0034-768x346.jpg 768w, https:\/\/cslimoges.fr\/site\/wp-content\/uploads\/2025\/06\/IMG-20250621-WA0034-1536x691.jpg 1536w, https:\/\/cslimoges.fr\/site\/wp-content\/uploads\/2025\/06\/IMG-20250621-WA0034-1140x513.jpg 1140w, https:\/\/cslimoges.fr\/site\/wp-content\/uploads\/2025\/06\/IMG-20250621-WA0034.jpg 1600w\" sizes=\"auto, (max-width: 1024px) 100vw, 1024px\" \/><\/figure>\n<\/div>\n\n\n<p class=\"has-medium-font-size\">Le repas pr\u00e9par\u00e9 dans la journ\u00e9e avec des poulets \u00e0 la broche, des gratins et patisseries r\u00e9alis\u00e9es par les participants. Dans la nuit, le feu a \u00e9t\u00e9 allum\u00e9 au centre du terrain rassemblant tout le monde autour d\u2019un cercle naturel.&nbsp;Des contes, des chants traditionnels et m\u00eame quelques pas de danse improvis\u00e9s ont rythm\u00e9 cette veill\u00e9e enchant\u00e9e&nbsp;?<\/p>\n\n\n\n<p><\/p>\n\n\n\n<p class=\"has-medium-font-size\">Pour beaucoup, cette soir\u00e9e fut une parenth\u00e8se hors du temps, un retour aux \u00e9l\u00e9ments et \u00e0 la simplicit\u00e9. Les plus courageux ont prolong\u00e9 la f\u00eate sous les \u00e9toiles, berc\u00e9s par la nature et l&rsquo;esprit de la Saint-Jean.<\/p>\n\n\n\n<p class=\"has-medium-font-size\">Dimanche, les membres ont pu visiter&nbsp;<a href=\"https:\/\/www.facebook.com\/people\/Torr%C3%A9faction-CAHU\/61567589784757\/?_rdr\" target=\"_blank\" rel=\"noreferrer noopener\">l\u2019atelier CAHU<\/a>, situ\u00e9 sur la commune, sp\u00e9cialis\u00e9 dans la torr\u00e9faction et le n\u00e9goce d&rsquo;arachides, d&rsquo;amandes, noisettes, noix de cajou, et divers fruits secs. <\/p>\n\n\n\n<p class=\"has-medium-font-size\">La journ\u00e9e s\u2019est termin\u00e9e par&nbsp;le rangement du terrain afin de laisser place aux nombreux campeurs pour l&rsquo;\u00e9t\u00e9<\/p>\n\n\n\n<p class=\"has-medium-font-size\">Une exp\u00e9rience \u00e0 renouveler, selon tous les participants !<\/p>\n\n\n\n<p><\/p>\n\n\n\n<p><\/p>\n","protected":false},"excerpt":{"rendered":"<p>Le 21 juin dernier, le Club a c\u00e9l\u00e9br\u00e9 l\u2019arriv\u00e9e de l\u2019\u00e9t\u00e9 avec une soir\u00e9e autour du feu de la Saint-Jean, un moment de convivialit\u00e9&nbsp; que tous les membres du club attendent avec impatience ! D\u00e8s le matin, les membres et b\u00e9n\u00e9voles se sont rassembl\u00e9s dans une ambiance d\u00e9tendue et bienveillante, fid\u00e8les aux valeurs de respect et de libert\u00e9 qui caract\u00e9risent le naturisme. Les pr\u00e9paratifs se sont prolong\u00e9s toute la journ\u00e9e avec une pause d\u00e9jeuner partag\u00e9e. La soir\u00e9e a d\u00e9but\u00e9 avec plus de&nbsp;25 convives&nbsp;o\u00f9 chacun a pu d\u00e9couvrir des sp\u00e9cialit\u00e9s maison et \u00e9changer en toute simplicit\u00e9. La m\u00e9t\u00e9o id\u00e9ale a permis de passer une bonne soir\u00e9e. Le club a re\u00e7u la visite des repr\u00e9sentants de la commune de Bussi\u00e8re-Galant pour partager un verre. Le repas pr\u00e9par\u00e9 dans la journ\u00e9e avec des poulets \u00e0 la broche, des gratins et patisseries r\u00e9alis\u00e9es par les participants. Dans la nuit, le feu a \u00e9t\u00e9 allum\u00e9 au centre du terrain rassemblant tout le monde autour d\u2019un cercle naturel.&nbsp;Des contes, des chants traditionnels et m\u00eame quelques pas de danse improvis\u00e9s ont rythm\u00e9 cette veill\u00e9e enchant\u00e9e&nbsp;? Pour beaucoup, cette soir\u00e9e fut une parenth\u00e8se hors du temps, un retour aux \u00e9l\u00e9ments et \u00e0 la simplicit\u00e9. Les plus courageux ont prolong\u00e9 la f\u00eate sous les \u00e9toiles, berc\u00e9s par la nature et l&rsquo;esprit de la Saint-Jean. Dimanche, les membres ont pu visiter&nbsp;l\u2019atelier CAHU, situ\u00e9 sur la commune, sp\u00e9cialis\u00e9 dans la torr\u00e9faction et le n\u00e9goce d&rsquo;arachides, d&rsquo;amandes, noisettes, noix de cajou, et divers fruits secs. La journ\u00e9e s\u2019est termin\u00e9e par&nbsp;le rangement du terrain afin de laisser place aux nombreux campeurs pour l&rsquo;\u00e9t\u00e9 Une exp\u00e9rience \u00e0 renouveler, selon tous les participants !<\/p>\n","protected":false},"author":98,"featured_media":4077,"comment_status":"closed","ping_status":"closed","sticky":false,"template":"","format":"standard","meta":{"footnotes":""},"categories":[60],"tags":[68,62,67,66],"class_list":["post-4071","post","type-post","status-publish","format-standard","has-post-thumbnail","hentry","category-bos-redon","tag-fete","tag-naturisme","tag-saint-jean","tag-solstice"],"acf":[],"_links":{"self":[{"href":"https:\/\/cslimoges.fr\/site\/wp-json\/wp\/v2\/posts\/4071","targetHints":{"allow":["GET"]}}],"collection":[{"href":"https:\/\/cslimoges.fr\/site\/wp-json\/wp\/v2\/posts"}],"about":[{"href":"https:\/\/cslimoges.fr\/site\/wp-json\/wp\/v2\/types\/post"}],"author":[{"embeddable":true,"href":"https:\/\/cslimoges.fr\/site\/wp-json\/wp\/v2\/users\/98"}],"replies":[{"embeddable":true,"href":"https:\/\/cslimoges.fr\/site\/wp-json\/wp\/v2\/comments?post=4071"}],"version-history":[{"count":8,"href":"https:\/\/cslimoges.fr\/site\/wp-json\/wp\/v2\/posts\/4071\/revisions"}],"predecessor-version":[{"id":4121,"href":"https:\/\/cslimoges.fr\/site\/wp-json\/wp\/v2\/posts\/4071\/revisions\/4121"}],"wp:featuredmedia":[{"embeddable":true,"href":"https:\/\/cslimoges.fr\/site\/wp-json\/wp\/v2\/media\/4077"}],"wp:attachment":[{"href":"https:\/\/cslimoges.fr\/site\/wp-json\/wp\/v2\/media?parent=4071"}],"wp:term":[{"taxonomy":"category","embeddable":true,"href":"https:\/\/cslimoges.fr\/site\/wp-json\/wp\/v2\/categories?post=4071"},{"taxonomy":"post_tag","embeddable":true,"href":"https:\/\/cslimoges.fr\/site\/wp-json\/wp\/v2\/tags?post=4071"}],"curies":[{"name":"wp","href":"https:\/\/api.w.org\/{rel}","templated":true}]}}